{"id":152,"date":"2019-06-20T23:19:08","date_gmt":"2019-06-20T21:19:08","guid":{"rendered":"http:\/\/schlussakkord-rockcrew.de\/wordpress\/?p=152"},"modified":"2019-07-08T22:17:11","modified_gmt":"2019-07-08T20:17:11","slug":"glorreiche-nacht-2019","status":"publish","type":"post","link":"http:\/\/schlussakkord-rockcrew.de\/?p=152","title":{"rendered":"Glorreiche Nacht 2019"},"content":{"rendered":"\n<p>Freunde, was haben wir drauf hin gefiebert &#8211; auf das Comeback von Schlussakkord. Nach einer monatelange Zwangspause, welche sie gesundheitsbedingt einlegen mussten, standen unsere f\u00fcnf Jungs endlich wieder zusammen auf einer B\u00fchne.<\/p>\n\n\n\n<div class=\"wp-block-image\"><figure class=\"aligncenter is-resized\"><img decoding=\"async\" src=\"http:\/\/schlussakkord-rockcrew.de\/wp-content\/uploads\/2019\/06\/IMG_0454-1024x683.jpg\" alt=\"\" class=\"wp-image-153\" width=\"800\" srcset=\"http:\/\/schlussakkord-rockcrew.de\/wp-content\/uploads\/2019\/06\/IMG_0454-1024x683.jpg 1024w, http:\/\/schlussakkord-rockcrew.de\/wp-content\/uploads\/2019\/06\/IMG_0454-300x200.jpg 300w, http:\/\/schlussakkord-rockcrew.de\/wp-content\/uploads\/2019\/06\/IMG_0454-768x512.jpg 768w, http:\/\/schlussakkord-rockcrew.de\/wp-content\/uploads\/2019\/06\/IMG_0454-370x247.jpg 370w, http:\/\/schlussakkord-rockcrew.de\/wp-content\/uploads\/2019\/06\/IMG_0454-1040x693.jpg 1040w, http:\/\/schlussakkord-rockcrew.de\/wp-content\/uploads\/2019\/06\/IMG_0454.jpg 2048w\" sizes=\"(max-width: 1024px) 100vw, 1024px\" \/><figcaption>Andreas und Christopher<\/figcaption><\/figure><\/div>\n\n\n\n<p>Nachdem sie bereits 2018 bei der Glorreichen Nacht in Teuchern die B\u00fchne erobert hatten, freuten sie (und wir uns nat\u00fcrlich auch) auf 2019. Alleine schon aus dem Grund, dass Christopher endlich wieder genesen und seine Stimme wieder 100% hergestellt ist.<\/p>\n\n\n\n<p>Die Vorfreunde wurde belohnt. Nach Serious Minded und Demoria klangen die ersten bekannten Kl\u00e4nge aus den Boxen. Es war das uns allen bekannte Intro. Kurz daraus setzten das erste Gitarrenriff ein, Bass und Drum gesellten sich dazu und ein gut gelaunter Christopher verk\u00fcndetet.. &#8222;Guten Abend Teuchern. Wir sind zur\u00fcck! K\u00f6nnt ihr uns sehn?&#8220;<\/p>\n\n\n\n<div class=\"wp-block-image\"><figure class=\"aligncenter is-resized\"><img decoding=\"async\" src=\"http:\/\/schlussakkord-rockcrew.de\/wp-content\/uploads\/2019\/06\/IMG_0820-1024x683.jpg\" alt=\"\" class=\"wp-image-154\" width=\"800\" srcset=\"http:\/\/schlussakkord-rockcrew.de\/wp-content\/uploads\/2019\/06\/IMG_0820-1024x683.jpg 1024w, http:\/\/schlussakkord-rockcrew.de\/wp-content\/uploads\/2019\/06\/IMG_0820-300x200.jpg 300w, http:\/\/schlussakkord-rockcrew.de\/wp-content\/uploads\/2019\/06\/IMG_0820-768x512.jpg 768w, http:\/\/schlussakkord-rockcrew.de\/wp-content\/uploads\/2019\/06\/IMG_0820-370x247.jpg 370w, http:\/\/schlussakkord-rockcrew.de\/wp-content\/uploads\/2019\/06\/IMG_0820-1040x693.jpg 1040w, http:\/\/schlussakkord-rockcrew.de\/wp-content\/uploads\/2019\/06\/IMG_0820.jpg 2048w\" sizes=\"(max-width: 1024px) 100vw, 1024px\" \/><figcaption>Teuchern 2019<\/figcaption><\/figure><\/div>\n\n\n\n<p>Neben Songs vom aktuellen Album &#8222;Spieler oder Bauer&#8220; wurden nat\u00fcrlich auch die Klassiker &#8222;Mit Flammen in den Augen&#8220; sowie die Hymne &#8222;Kinder dieser Band&#8220; zum Besten gegeben.<\/p>\n\n\n\n<div class=\"wp-block-image\"><figure class=\"aligncenter is-resized\"><img decoding=\"async\" src=\"http:\/\/schlussakkord-rockcrew.de\/wp-content\/uploads\/2019\/06\/IMG_0472-1024x683.jpg\" alt=\"\" class=\"wp-image-155\" width=\"800\" srcset=\"http:\/\/schlussakkord-rockcrew.de\/wp-content\/uploads\/2019\/06\/IMG_0472-1024x683.jpg 1024w, http:\/\/schlussakkord-rockcrew.de\/wp-content\/uploads\/2019\/06\/IMG_0472-300x200.jpg 300w, http:\/\/schlussakkord-rockcrew.de\/wp-content\/uploads\/2019\/06\/IMG_0472-768x512.jpg 768w, http:\/\/schlussakkord-rockcrew.de\/wp-content\/uploads\/2019\/06\/IMG_0472-370x247.jpg 370w, http:\/\/schlussakkord-rockcrew.de\/wp-content\/uploads\/2019\/06\/IMG_0472-1040x693.jpg 1040w, http:\/\/schlussakkord-rockcrew.de\/wp-content\/uploads\/2019\/06\/IMG_0472.jpg 2048w\" sizes=\"(max-width: 1024px) 100vw, 1024px\" \/><figcaption>Andreas und Christopher in Aktion<\/figcaption><\/figure><\/div>\n\n\n\n<p>Alles in allem war es wirklich ein klasse Abend, woran die angereisten Fans und das Publikum nat\u00fcrlich nicht ganz unbeteiligt gewesen ist. Den Abend beendeten stilvoll in einem starken Finale &#8222;Wir gegen uns&#8220; sowie &#8222;Vol.BeatClub&#8220;.<\/p>\n\n\n\n<p>Unser Fazit. Es war ein toller Abend, mit netten Leuten, guten Gespr\u00e4chen, geiler Party und hochmotivierten Jungs von Schlussakkord. Wir freuen uns schon riesig auf n\u00e4chstes Jahr wenn es wieder hei\u00dft &#8222;Glorreiche Nacht&#8220;.<\/p>\n\n\n\n<p>In diesem Sinne. Vereint in jedem Ton &#8211; in jedem Wort.<\/p>\n\n\n\n<p>Eure Rock Crew<\/p>\n","protected":false},"excerpt":{"rendered":"<p>Freunde, was haben wir drauf hin gefiebert &#8211; auf das Comeback von Schlussakkord. Nach einer monatelange Zwangspause, welche sie gesundheitsbedingt<\/p>\n","protected":false},"author":1,"featured_media":153,"comment_status":"open","ping_status":"open","sticky":false,"template":"","format":"standard","meta":{"footnotes":""},"categories":[1],"tags":[],"class_list":["post-152","post","type-post","status-publish","format-standard","has-post-thumbnail","hentry","category-allgemein"],"_links":{"self":[{"href":"http:\/\/schlussakkord-rockcrew.de\/index.php?rest_route=\/wp\/v2\/posts\/152","targetHints":{"allow":["GET"]}}],"collection":[{"href":"http:\/\/schlussakkord-rockcrew.de\/index.php?rest_route=\/wp\/v2\/posts"}],"about":[{"href":"http:\/\/schlussakkord-rockcrew.de\/index.php?rest_route=\/wp\/v2\/types\/post"}],"author":[{"embeddable":true,"href":"http:\/\/schlussakkord-rockcrew.de\/index.php?rest_route=\/wp\/v2\/users\/1"}],"replies":[{"embeddable":true,"href":"http:\/\/schlussakkord-rockcrew.de\/index.php?rest_route=%2Fwp%2Fv2%2Fcomments&post=152"}],"version-history":[{"count":6,"href":"http:\/\/schlussakkord-rockcrew.de\/index.php?rest_route=\/wp\/v2\/posts\/152\/revisions"}],"predecessor-version":[{"id":202,"href":"http:\/\/schlussakkord-rockcrew.de\/index.php?rest_route=\/wp\/v2\/posts\/152\/revisions\/202"}],"wp:featuredmedia":[{"embeddable":true,"href":"http:\/\/schlussakkord-rockcrew.de\/index.php?rest_route=\/wp\/v2\/media\/153"}],"wp:attachment":[{"href":"http:\/\/schlussakkord-rockcrew.de\/index.php?rest_route=%2Fwp%2Fv2%2Fmedia&parent=152"}],"wp:term":[{"taxonomy":"category","embeddable":true,"href":"http:\/\/schlussakkord-rockcrew.de\/index.php?rest_route=%2Fwp%2Fv2%2Fcategories&post=152"},{"taxonomy":"post_tag","embeddable":true,"href":"http:\/\/schlussakkord-rockcrew.de\/index.php?rest_route=%2Fwp%2Fv2%2Ftags&post=152"}],"curies":[{"name":"wp","href":"https:\/\/api.w.org\/{rel}","templated":true}]}}