{"id":446,"date":"2023-08-04T22:31:14","date_gmt":"2023-08-04T20:31:14","guid":{"rendered":"http:\/\/schlussakkord-rockcrew.de\/?p=446"},"modified":"2023-08-04T22:34:50","modified_gmt":"2023-08-04T20:34:50","slug":"neuer-fanclub-merch","status":"publish","type":"post","link":"http:\/\/schlussakkord-rockcrew.de\/?p=446","title":{"rendered":"Neuer Fanclub-Merch"},"content":{"rendered":"\n<p>Freunde, wir freuen uns, euch unseren neuen Merch-Partner vorstellen zu d\u00fcrfen. Anstatt bei gro\u00dfen Druckereien unseren Merch drucken zu lassen, haben wir nun einen lokalen Partner gefunden.<\/p>\n\n\n<div class=\"wp-block-image\">\n<figure class=\"aligncenter size-large is-resized\"><a href=\"https:\/\/thielrockt.de\/RockCrew\"><img loading=\"lazy\" decoding=\"async\" src=\"http:\/\/schlussakkord-rockcrew.de\/wp-content\/uploads\/2023\/08\/Kategoriebilder_1890x1181_Textilien-1024x640.jpg\" alt=\"\" class=\"wp-image-447\" width=\"512\" height=\"320\" srcset=\"http:\/\/schlussakkord-rockcrew.de\/wp-content\/uploads\/2023\/08\/Kategoriebilder_1890x1181_Textilien-1024x640.jpg 1024w, http:\/\/schlussakkord-rockcrew.de\/wp-content\/uploads\/2023\/08\/Kategoriebilder_1890x1181_Textilien-300x188.jpg 300w, http:\/\/schlussakkord-rockcrew.de\/wp-content\/uploads\/2023\/08\/Kategoriebilder_1890x1181_Textilien-768x480.jpg 768w, http:\/\/schlussakkord-rockcrew.de\/wp-content\/uploads\/2023\/08\/Kategoriebilder_1890x1181_Textilien.jpg 1200w\" sizes=\"auto, (max-width: 512px) 100vw, 512px\" \/><\/a><\/figure>\n<\/div>\n\n\n<p>Vorteil daran sind nat\u00fcrlich die individuell gestalteten und gestaltbaren Motive. Es wird quasi permanent auf unsere W\u00fcnsche eingegangen. Noch dazu eine wirklich makellose Qualit\u00e4t, welche sich definitiv vom 0815-Merch bei anderen gro\u00dfen Anbietern abhebt.<\/p>\n\n\n\n<p>Wir freuen uns sehr \u00fcber und auf eine gute Zusammenarbeit mit der Druckerei Thiel.<\/p>\n\n\n\n<p>Da diese Merch nat\u00fcrlich nur fanclubintern zu erstehen ist, gibt es auf Nachfrage bei uns (Mail, FB, WhatsApp) f\u00fcr alle Mitglieder das Zugangspasswort, solltet ihr es vergessen haben.<\/p>\n\n\n\n<p>Hier geht es zum <a rel=\"noreferrer noopener\" href=\"https:\/\/thielrockt.de\/RockCrew\" data-type=\"URL\" data-id=\"https:\/\/thielrockt.de\/RockCrew\" target=\"_blank\">Shop<\/a>.<\/p>\n","protected":false},"excerpt":{"rendered":"<p>Freunde, wir freuen uns, euch unseren neuen Merch-Partner vorstellen zu d\u00fcrfen. Anstatt bei gro\u00dfen Druckereien unseren Merch drucken zu lassen,<\/p>\n","protected":false},"author":1,"featured_media":447,"comment_status":"closed","ping_status":"open","sticky":false,"template":"","format":"standard","meta":{"footnotes":""},"categories":[1],"tags":[],"class_list":["post-446","post","type-post","status-publish","format-standard","has-post-thumbnail","hentry","category-allgemein"],"_links":{"self":[{"href":"http:\/\/schlussakkord-rockcrew.de\/index.php?rest_route=\/wp\/v2\/posts\/446","targetHints":{"allow":["GET"]}}],"collection":[{"href":"http:\/\/schlussakkord-rockcrew.de\/index.php?rest_route=\/wp\/v2\/posts"}],"about":[{"href":"http:\/\/schlussakkord-rockcrew.de\/index.php?rest_route=\/wp\/v2\/types\/post"}],"author":[{"embeddable":true,"href":"http:\/\/schlussakkord-rockcrew.de\/index.php?rest_route=\/wp\/v2\/users\/1"}],"replies":[{"embeddable":true,"href":"http:\/\/schlussakkord-rockcrew.de\/index.php?rest_route=%2Fwp%2Fv2%2Fcomments&post=446"}],"version-history":[{"count":2,"href":"http:\/\/schlussakkord-rockcrew.de\/index.php?rest_route=\/wp\/v2\/posts\/446\/revisions"}],"predecessor-version":[{"id":450,"href":"http:\/\/schlussakkord-rockcrew.de\/index.php?rest_route=\/wp\/v2\/posts\/446\/revisions\/450"}],"wp:featuredmedia":[{"embeddable":true,"href":"http:\/\/schlussakkord-rockcrew.de\/index.php?rest_route=\/wp\/v2\/media\/447"}],"wp:attachment":[{"href":"http:\/\/schlussakkord-rockcrew.de\/index.php?rest_route=%2Fwp%2Fv2%2Fmedia&parent=446"}],"wp:term":[{"taxonomy":"category","embeddable":true,"href":"http:\/\/schlussakkord-rockcrew.de\/index.php?rest_route=%2Fwp%2Fv2%2Fcategories&post=446"},{"taxonomy":"post_tag","embeddable":true,"href":"http:\/\/schlussakkord-rockcrew.de\/index.php?rest_route=%2Fwp%2Fv2%2Ftags&post=446"}],"curies":[{"name":"wp","href":"https:\/\/api.w.org\/{rel}","templated":true}]}}